{"id":35194,"date":"2023-11-24T19:04:00","date_gmt":"2023-11-24T18:04:00","guid":{"rendered":"https:\/\/pieron.international\/?p=35194"},"modified":"2023-11-30T13:15:48","modified_gmt":"2023-11-30T12:15:48","slug":"nacht-der-ausbildung-2023","status":"publish","type":"post","link":"https:\/\/pieron.international\/en\/nacht-der-ausbildung-2023\/","title":{"rendered":"Night of Training 2023"},"content":{"rendered":"<figure class=\"wp-block-image size-large is-resized\"><img loading=\"lazy\" decoding=\"async\" width=\"1024\" height=\"767\" src=\"wp-content\/uploads\/2023\/11\/Bild-Team-Pieron_Nacht-der-Ausbildung-2023-1024x767.jpg\" alt=\"-\" class=\"wp-image-35195\" style=\"aspect-ratio:1.3350717079530638;width:800px;height:auto\" title=\"\" srcset=\"https:\/\/pieron.international\/wp-content\/uploads\/2023\/11\/Bild-Team-Pieron_Nacht-der-Ausbildung-2023-1024x767.jpg 1024w, https:\/\/pieron.international\/wp-content\/uploads\/2023\/11\/Bild-Team-Pieron_Nacht-der-Ausbildung-2023-300x225.jpg 300w, https:\/\/pieron.international\/wp-content\/uploads\/2023\/11\/Bild-Team-Pieron_Nacht-der-Ausbildung-2023-768x576.jpg 768w, https:\/\/pieron.international\/wp-content\/uploads\/2023\/11\/Bild-Team-Pieron_Nacht-der-Ausbildung-2023-1536x1151.jpg 1536w, https:\/\/pieron.international\/wp-content\/uploads\/2023\/11\/Bild-Team-Pieron_Nacht-der-Ausbildung-2023-16x12.jpg 16w, https:\/\/pieron.international\/wp-content\/uploads\/2023\/11\/Bild-Team-Pieron_Nacht-der-Ausbildung-2023.jpg 1927w\" sizes=\"auto, (max-width: 1024px) 100vw, 1024px\" \/><figcaption class=\"wp-element-caption\">Photo + text: Pieron GmbH<\/figcaption><\/figure>\n\n\n\n<p>This year we took part in the \u201cNight of Training\u201d in the district of Borken again. We were thrilled by the large number of visitors - so many students, their parents, siblings and friends who wanted to find out more about our company, the apprenticeships at PIERON or an internship.<\/p>\n\n\n\n<p>During the company tour, interested visitors were able to take a look at the production and find out any information directly from our trainers and trainees about the various opportunities for starting a job at PIERON.\nIn addition to practical experiments in the training workshop, which were intensively received, we were pleased to see a large number of participants in our competition.\nA big thank you to all of those who were involved in the successful implementation \u2013 all trainers, trainees and members of team PIERON.<\/p>\n\n\n\n<p>We would like to thank all visitors and are already looking forward to the next event in 2024!<\/p>","protected":false},"excerpt":{"rendered":"<p>Auch in diesem Jahr haben wir bei der Nacht der Ausbildung im Kreis Borken teilgenommen. Wir waren begeistert von der gro\u00dfen Besucheranzahl &#8211; so viele Sch\u00fcler, deren Eltern, Geschwister und Freunde, die sich \u00fcber unser Unternehmen, die Ausbildungsberufe bei PIERON oder ein Praktikum informieren wollten. W\u00e4hrend des Firmenrundgangs konnten sich die interessierten Besucher die Produktion [&hellip;]<\/p>\n","protected":false},"author":2,"featured_media":35196,"comment_status":"open","ping_status":"open","sticky":false,"template":"","format":"standard","meta":{"qubely_global_settings":"","qubely_interactions":"","pgc_sgb_lightbox_settings":"","footnotes":""},"categories":[12],"tags":[],"class_list":["post-35194","post","type-post","status-publish","format-standard","has-post-thumbnail","hentry","category-news"],"blocksy_meta":[],"qubely_featured_image_url":{"full":["https:\/\/pieron.international\/wp-content\/uploads\/2023\/11\/Bild-Team-Pieron_Nacht-der-Ausbildung-2023-1.jpg",1927,1444,false],"landscape":["https:\/\/pieron.international\/wp-content\/uploads\/2023\/11\/Bild-Team-Pieron_Nacht-der-Ausbildung-2023-1-1200x750.jpg",1200,750,true],"portraits":["https:\/\/pieron.international\/wp-content\/uploads\/2023\/11\/Bild-Team-Pieron_Nacht-der-Ausbildung-2023-1-540x320.jpg",540,320,true],"thumbnail":["https:\/\/pieron.international\/wp-content\/uploads\/2023\/11\/Bild-Team-Pieron_Nacht-der-Ausbildung-2023-1-150x150.jpg",150,150,true],"medium":["https:\/\/pieron.international\/wp-content\/uploads\/2023\/11\/Bild-Team-Pieron_Nacht-der-Ausbildung-2023-1-300x225.jpg",300,225,true],"medium_large":["https:\/\/pieron.international\/wp-content\/uploads\/2023\/11\/Bild-Team-Pieron_Nacht-der-Ausbildung-2023-1-768x576.jpg",768,576,true],"large":["https:\/\/pieron.international\/wp-content\/uploads\/2023\/11\/Bild-Team-Pieron_Nacht-der-Ausbildung-2023-1-1024x767.jpg",1024,767,true],"1536x1536":["https:\/\/pieron.international\/wp-content\/uploads\/2023\/11\/Bild-Team-Pieron_Nacht-der-Ausbildung-2023-1-1536x1151.jpg",1536,1151,true],"2048x2048":["https:\/\/pieron.international\/wp-content\/uploads\/2023\/11\/Bild-Team-Pieron_Nacht-der-Ausbildung-2023-1.jpg",1927,1444,false],"trp-custom-language-flag":["https:\/\/pieron.international\/wp-content\/uploads\/2023\/11\/Bild-Team-Pieron_Nacht-der-Ausbildung-2023-1-16x12.jpg",16,12,true],"qubely_landscape":["https:\/\/pieron.international\/wp-content\/uploads\/2023\/11\/Bild-Team-Pieron_Nacht-der-Ausbildung-2023-1-1200x750.jpg",1200,750,true],"qubely_portrait":["https:\/\/pieron.international\/wp-content\/uploads\/2023\/11\/Bild-Team-Pieron_Nacht-der-Ausbildung-2023-1-540x320.jpg",540,320,true],"qubely_thumbnail":["https:\/\/pieron.international\/wp-content\/uploads\/2023\/11\/Bild-Team-Pieron_Nacht-der-Ausbildung-2023-1-140x100.jpg",140,100,true]},"qubely_author":{"display_name":"h.pieron","author_link":"https:\/\/pieron.international\/en\/author\/h-pieron\/"},"qubely_comment":0,"qubely_category":"<a href=\"https:\/\/pieron.international\/en\/category\/news\/\" rel=\"category tag\">News<\/a>","qubely_excerpt":"Auch in diesem Jahr haben wir bei der Nacht der Ausbildung im Kreis Borken teilgenommen. Wir waren begeistert von der gro\u00dfen Besucheranzahl &#8211; so viele Sch\u00fcler, deren Eltern, Geschwister und Freunde, die sich \u00fcber unser Unternehmen, die Ausbildungsberufe bei PIERON oder ein Praktikum informieren wollten. W\u00e4hrend des Firmenrundgangs konnten sich die interessierten Besucher die Produktion&hellip;","_links":{"self":[{"href":"https:\/\/pieron.international\/en\/wp-json\/wp\/v2\/posts\/35194","targetHints":{"allow":["GET"]}}],"collection":[{"href":"https:\/\/pieron.international\/en\/wp-json\/wp\/v2\/posts"}],"about":[{"href":"https:\/\/pieron.international\/en\/wp-json\/wp\/v2\/types\/post"}],"author":[{"embeddable":true,"href":"https:\/\/pieron.international\/en\/wp-json\/wp\/v2\/users\/2"}],"replies":[{"embeddable":true,"href":"https:\/\/pieron.international\/en\/wp-json\/wp\/v2\/comments?post=35194"}],"version-history":[{"count":2,"href":"https:\/\/pieron.international\/en\/wp-json\/wp\/v2\/posts\/35194\/revisions"}],"predecessor-version":[{"id":35198,"href":"https:\/\/pieron.international\/en\/wp-json\/wp\/v2\/posts\/35194\/revisions\/35198"}],"wp:featuredmedia":[{"embeddable":true,"href":"https:\/\/pieron.international\/en\/wp-json\/wp\/v2\/media\/35196"}],"wp:attachment":[{"href":"https:\/\/pieron.international\/en\/wp-json\/wp\/v2\/media?parent=35194"}],"wp:term":[{"taxonomy":"category","embeddable":true,"href":"https:\/\/pieron.international\/en\/wp-json\/wp\/v2\/categories?post=35194"},{"taxonomy":"post_tag","embeddable":true,"href":"https:\/\/pieron.international\/en\/wp-json\/wp\/v2\/tags?post=35194"}],"curies":[{"name":"wp","href":"https:\/\/api.w.org\/{rel}","templated":true}]}}